{"id":17952,"date":"2025-05-16T12:07:35","date_gmt":"2025-05-16T10:07:35","guid":{"rendered":"https:\/\/holdvolgy.com\/?p=17952"},"modified":"2025-12-12T13:42:38","modified_gmt":"2025-12-12T12:42:38","slug":"holdvolgy-x-jo-ejszakat-mad","status":"publish","type":"post","link":"https:\/\/holdvolgy.com\/en\/holdvolgy-x-jo-ejszakat-mad","title":{"rendered":"J\u00f3 \u00e9jszak\u00e1t M\u00e1d a Holdv\u00f6lgy Birtokon!"},"content":{"rendered":"<div id=\"bsf_rt_marker\"><\/div>\n<p>L\u00e1togassatok el hozz\u00e1nk 2025. j\u00fanius 20-22. k\u00f6z\u00f6tt! Csatlakozzatok kincskeres\u0151 pincel\u00e1togat\u00e1s programjaink egyik\u00e9hez, vagy csak t\u00f6ltsetek el p\u00e1r kellemes \u00f3r\u00e1t teraszunkon, ahol az \u00f6sszes, jelenleg is el\u00e9rhet\u0151 \u00e9vj\u00e1ratot megk\u00f3stolhatj\u00e1tok! Szombaton k\u00fcl\u00f6n programmal v\u00e1runk titeket.<\/p>\n\n\n\n<div style=\"height:70px\" aria-hidden=\"true\" class=\"wp-block-spacer\"><\/div>\n\n\n\n<h4 class=\"wp-block-heading\">PINCEL\u00c1TOGAT\u00c1S, BORTERASZ, KONCERT<\/h4>\n\n\n\n<p>06.20. P\u00c9NTEK 10:00-17:00<br>Kincskeres\u0151 pincet\u00far\u00e1k \u00e9s bork\u00f3stol\u00e1s, mely sor\u00e1n b\u00e1rmely bork\u00f3stol\u00f3nk v\u00e1laszthat\u00f3 (az utols\u00f3 t\u00fara 16:00-kor indul).<\/p>\n\n\n\n<p>06.21. SZOMBAT 10:00-20:00<br>10:00 \u00f3r\u00e1t\u00f3l \u00f3r\u00e1nk\u00e9nt kincskeres\u0151 pincet\u00far\u00e1kat ind\u00edtunk, mely sor\u00e1n 6 \u00e9s 8 boros k\u00f3stol\u00f3sorok k\u00f6z\u00fcl v\u00e1laszthattok (az utols\u00f3 t\u00fara 16:30-kor indul).<\/p>\n\n\n\n<p>K\u00fclt\u00e9ri k\u00f3stol\u00f3 b\u00e1runk 11:00 \u00e9s 20:00 \u00f3ra k\u00f6z\u00f6tt v\u00e1r benneteket a birtok terasz\u00e1n.<\/p>\n\n\n\n<p>18:00-t\u00f3l Hrutka R\u00f3bert ad koncertet kert\u00fcnkben L\u00e1thatatlan sz\u00e9ps\u00e9g c\u00edmmel.*<\/p>\n\n\n\n<p>06.22. VAS\u00c1RNAP 10:00-15:00<br>Kincskeres\u0151 pincet\u00far\u00e1k \u00e9s bork\u00f3stol\u00e1s, mely sor\u00e1n b\u00e1rmely bork\u00f3stol\u00f3nk v\u00e1laszthat\u00f3 (az utols\u00f3 t\u00fara 14:00-kor indul).<\/p>\n\n\n\n<p>Csatlakozz az esem\u00e9nyhez Facebookon, ahol minden \u00faj inform\u00e1ci\u00f3r\u00f3l \u00e9rtes\u00edt\u00e9st kapsz majd:<\/p>\n\n\n\n<div style=\"height:30px\" aria-hidden=\"true\" class=\"wp-block-spacer\"><\/div>\n\n\n\n<div class=\"wp-block-buttons transparent-btn is-horizontal is-content-justification-left is-nowrap is-layout-flex wp-container-core-buttons-is-layout-e5fbeb3a wp-block-buttons-is-layout-flex\">\n<div class=\"wp-block-button is-style-outline is-style-outline--1\"><a class=\"wp-block-button__link wp-element-button\" href=\"https:\/\/fb.me\/e\/66801UlnZ\" style=\"border-radius:0px\" target=\"_blank\" rel=\"noreferrer noopener\">R\u00c9SZLETEK<\/a><\/div>\n<\/div>\n\n\n\n<div style=\"height:70px\" aria-hidden=\"true\" class=\"wp-block-spacer\"><\/div>\n\n\n\n<h4 class=\"wp-block-heading\">JEGYEK \u00c9S INFORM\u00c1CI\u00d3K<\/h4>\n\n\n\n<p>A jegyek \u00e9s b\u00e9rletek megv\u00e1s\u00e1rolhat\u00f3k a <a href=\"https:\/\/madeinmad.hu\/events\/event\/Jo_ejszakat_Mad\" data-type=\"link\" data-id=\"https:\/\/madeinmad.hu\/events\/event\/Jo_ejszakat_Mad\" target=\"_blank\" rel=\"noreferrer noopener\">Made in M\u00e1d oldal\u00e1n<\/a>.\u00a0<\/p>\n\n\n\n<p>A b\u00e9rlettel rendelkez\u0151 vend\u00e9geink a b\u00e9rlethez tartoz\u00f3 6 t\u00e9teles k\u00f3stol\u00f3sort, ak\u00e1r teljes eg\u00e9sz\u00e9ben n\u00e1lunk is el tudj\u00e1k fogyasztani, de meg tudj\u00e1k osztani t\u00f6bb bor\u00e1szat k\u00f6z\u00f6tt is. A v\u00e1laszthat\u00f3 borokr\u00f3l, k\u00e9rj\u00fck \u00e9rdekl\u0151djetek koll\u00e9g\u00e1inkn\u00e1l a birtokon!<\/p>\n\n\n\n<div style=\"height:70px\" aria-hidden=\"true\" class=\"wp-block-spacer\"><\/div>\n\n\n\n<h4 class=\"wp-block-heading\">BEJELENTKEZ\u00c9S<\/h4>\n\n\n\n<p>Pincet\u00far\u00e1ink bejelentkez\u00e9s n\u00e9lk\u00fcl is l\u00e1togathat\u00f3k, de annak \u00e9rdek\u00e9ben, hogy a sz\u00e1motokra legide\u00e1lisabb id\u0151pontban tudjatok r\u00e9szt venni a programokon &#8211; \u00e9s a megn\u00f6vekedett \u00e9rdekl\u0151d\u00e9sre tekintettel- , \u00e9rdemes el\u0151re bejelentkeznetek: <\/p>\n\n\n\n<p>visit@holdvolgy.com \/+36 70 391 4643 \/ <a href=\"https:\/\/l.facebook.com\/l.php?u=https%3A%2F%2Fholdvolgy.com%2Fborkostolo-idopontfoglalas%3Ffbclid%3DIwZXh0bgNhZW0CMTAAYnJpZBEwWGt0YnBNZU5WYUlqRE91OAEe1r56LgiNKFr6VYIHuEmUojMIJTVZA9w5_ehxsb3vtf2MlfcLY16_6gKJtk8_aem_YCHZBvu8Pp37Maj8Dj4MFA&amp;h=AT0odnLdUCHdXiYi9tpTvXcs6CKYh3qZU7NuwM15Ee8IkDMzymqHfeBAo2_p-5QoKHPsDufDNegH3kiuFkZw4w8tyXTT3DmhGx1djvPuSI4A_47WekcLowphZsxvoByO-9zQM37-SU9Sr3u2aSTUUfIIgkWlhvOM&amp;__tn__=q&amp;c[0]=AT2T97v26q3imGPlHlhbjQgi24rUC-9Okzb4pm_La4JQMYierw48vZBnWLOwRcWOn7OS0iCw8Ok8pb8fE_mIDVJs5yrZhT2vSo60AmCcyj5qnHYuOB_ZEfende5J6q5FD354dZgBS2kyi3Y6KYO5sLPahVw0tpwehrj1Yw\" target=\"_blank\" rel=\"noreferrer noopener\">https:\/\/holdvolgy.com\/borkostolo-idopontfoglalas<\/a><\/p>\n\n\n\n<p>&nbsp;<\/p>\n\n\n\n<h4 class=\"wp-block-heading\">V\u00c1LTOZ\u00c1SOK \u00c9S FELV\u00c9TELEK<\/h4>\n\n\n\n<p><br>A programv\u00e1ltoz\u00e1s jog\u00e1t fenntartjuk. Err\u0151l minden esetben t\u00e1j\u00e9koztat\u00e1st ny\u00fajtunk itt, az esem\u00e9ny fel\u00fclet\u00e9n. A rendezv\u00e9nyen f\u00e9nyk\u00e9p \u00e9s vide\u00f3felv\u00e9tel k\u00e9sz\u00fcl. Ennek megfelel\u0151en vend\u00e9geink a rendezv\u00e9nyen t\u00f6rt\u00e9n\u0151 r\u00e9szv\u00e9tellel kifejezetten hozz\u00e1j\u00e1rulnak ahhoz, hogy a r\u00f3luk k\u00e9sz\u00fclt k\u00e9peket \u00e9s vide\u00f3felv\u00e9teleket enged\u00e9ly n\u00e9lk\u00fcl felhaszn\u00e1lhassuk b\u00e1rmely fel\u00fclet\u00fcnk\u00f6n \u00e9s egy\u00e9b marketing \u00e9s PR tev\u00e9kenys\u00e9geink sor\u00e1n, ak\u00e1r harmadik f\u00e9l fel\u00fcletein is. Vend\u00e9geink neves\u00edt\u00e9se ezeken a tartalmakon viszont csakis az \u0151 kifejezett beleegyez\u00e9s\u00fckkel t\u00f6rt\u00e9nhet.<\/p>\n\n\n\n<p>*FONTOS! A koncert ideje alatt csak az esem\u00e9nyre sz\u00f3l\u00f3 jeggyel vagy b\u00e9rlettel rendelkez\u0151 l\u00e1togat\u00f3k tart\u00f3zkodhatnak a Birtokon, tov\u00e1bb\u00e1 ekkor m\u00e1r pincel\u00e1togat\u00e1sra sem lesz lehet\u0151s\u00e9g. Meg\u00e9rt\u00e9seteket k\u00f6sz\u00f6nj\u00fck!<\/p>","protected":false},"excerpt":{"rendered":"<p>Koncert, pincel\u00e1togat\u00e1s, bork\u00f3stol\u00f3. Csatlakozzatok kincskeres\u0151 pincel\u00e1togat\u00e1s programjaink egyik\u00e9hez, vagy csak t\u00f6ltsetek el p\u00e1r kellemes \u00f3r\u00e1t teraszunkon!<\/p>","protected":false},"author":3,"featured_media":17965,"comment_status":"open","ping_status":"open","sticky":false,"template":"","format":"standard","meta":{"_acf_changed":false,"_seopress_robots_primary_cat":"none","_seopress_titles_title":"Holdv\u00f6lgy x J\u00f3 \u00e9jszak\u00e1t M\u00e1d | 2025.06.20-22.","_seopress_titles_desc":"Pincel\u00e1togat\u00e1s, borterasz, koncert. Csatlakozzatok pincel\u00e1togat\u00e1s programjaink egyik\u00e9hez, vagy csak t\u00f6ltsetek el p\u00e1r kellemes \u00f3r\u00e1t teraszunkon!","_seopress_robots_index":"","iawp_total_views":399,"footnotes":""},"categories":[21,85],"tags":[237],"class_list":["post-17952","post","type-post","status-publish","format-standard","has-post-thumbnail","hentry","category-esemeny","category-pince","tag-hun-cikkek"],"acf":[],"_links":{"self":[{"href":"https:\/\/holdvolgy.com\/en\/wp-json\/wp\/v2\/posts\/17952","targetHints":{"allow":["GET"]}}],"collection":[{"href":"https:\/\/holdvolgy.com\/en\/wp-json\/wp\/v2\/posts"}],"about":[{"href":"https:\/\/holdvolgy.com\/en\/wp-json\/wp\/v2\/types\/post"}],"author":[{"embeddable":true,"href":"https:\/\/holdvolgy.com\/en\/wp-json\/wp\/v2\/users\/3"}],"replies":[{"embeddable":true,"href":"https:\/\/holdvolgy.com\/en\/wp-json\/wp\/v2\/comments?post=17952"}],"version-history":[{"count":0,"href":"https:\/\/holdvolgy.com\/en\/wp-json\/wp\/v2\/posts\/17952\/revisions"}],"wp:featuredmedia":[{"embeddable":true,"href":"https:\/\/holdvolgy.com\/en\/wp-json\/wp\/v2\/media\/17965"}],"wp:attachment":[{"href":"https:\/\/holdvolgy.com\/en\/wp-json\/wp\/v2\/media?parent=17952"}],"wp:term":[{"taxonomy":"category","embeddable":true,"href":"https:\/\/holdvolgy.com\/en\/wp-json\/wp\/v2\/categories?post=17952"},{"taxonomy":"post_tag","embeddable":true,"href":"https:\/\/holdvolgy.com\/en\/wp-json\/wp\/v2\/tags?post=17952"}],"curies":[{"name":"wp","href":"https:\/\/api.w.org\/{rel}","templated":true}]}}