{"id":19276,"date":"2022-03-10T14:31:00","date_gmt":"2022-03-10T13:31:00","guid":{"rendered":"https:\/\/holdvolgy.com\/?p=19276"},"modified":"2025-12-12T13:43:28","modified_gmt":"2025-12-12T12:43:28","slug":"a-madi-nulaszo-dulo","status":"publish","type":"post","link":"https:\/\/holdvolgy.com\/en\/a-madi-nulaszo-dulo","title":{"rendered":"A M\u00c1DI NYUL\u00c1SZ\u00d3-D\u0170L\u0150"},"content":{"rendered":"<div id=\"bsf_rt_marker\"><\/div>\n<p>T\u00f6rt\u00e9nelmileg a legfiatalabb, adotts\u00e1gaiban pedig a legkiv\u00e1l\u00f3bb d\u0171l\u0151k egyike, egyik kiemelten fontos sz\u0151l\u0151fajt\u00e1nk csod\u00e1latos term\u0151helye.<\/p>\n\n\n\n<p>A d\u0171l\u0151 sz\u0151l\u0151m\u0171vel\u00e9sre utal\u00f3 feljegyz\u00e9sei m\u00e1r a XVI. sz\u00e1zadt\u00f3l megtal\u00e1lhat\u00f3ak, a nemess\u00e9g \u00e9s a szerzetesrendek birtokl\u00e1s\u00e1ra utalva: R\u00e1k\u00f3czi-, Szirmay-, Orczy csal\u00e1dok; jezsuita- \u00e9s piarista rendek. A telep\u00fcl\u00e9s r\u00e9szben a Nyul\u00e1sz\u00f3 hegy nyugati oldal\u00e1n \u00e9p\u00fclt, \u00edgy k\u00f6zels\u00e9ge miatt a f\u0151urak kedvenc sz\u00f3rakoz\u00e1s\u00e1nak, a ny\u00falvad\u00e1szatnak is a sz\u00edntere volt. Napjainkban is mindennapos l\u00e1tv\u00e1ny az erre poroszk\u00e1l\u00f3 ny\u00fal \u00e9s a r\u00e1 vad\u00e1sz\u00f3 holl\u00f3. T\u00f6rt\u00e9nelmi pincerendszer\u00fcnk 109 \u00e1ga is e sz\u0151l\u0151hegy m\u00e9lys\u00e9geiben rejti borkincseit.<\/p>\n\n\n\n<div style=\"height:70px\" aria-hidden=\"true\" class=\"wp-block-spacer\"><\/div>\n\n\n\n<h3 class=\"wp-block-heading\">GEOGRAPHICAL AND GEOLOGICAL FEATURES<\/h3>\n\n\n\n<div style=\"height:30px\" aria-hidden=\"true\" class=\"wp-block-spacer\"><\/div>\n\n\n\n<p>A Nyul\u00e1sz\u00f3 t\u00f6rt\u00e9nelmileg a legfiatalabb, adotts\u00e1gaiban pedig az egyik legkiv\u00e1l\u00f3bb d\u0171l\u0151 M\u00e1don. A 200 m magas sz\u0151l\u0151hegy a telep\u00fcl\u00e9s d\u00e9lkeleti hat\u00e1r\u00e1ban emelkedik, minden \u00e9gt\u00e1j fel\u00e9 egyenletes es\u00e9sben. Kimagasl\u00f3 napf\u00e9nytartam- \u00e9s h\u0151mennyis\u00e9g jellemzi. K\u00fcl\u00f6nb\u00f6z\u0151 k\u0151zettani adotts\u00e1g\u00fa ter\u00fcletek metsz\u00e9spontj\u00e1ban helyezkedik el, itt megtal\u00e1lhat\u00f3 a m\u00e1di vulkanikus hegyek \u00f6sszes k\u0151zetanyaga, gazdag \u00e1sv\u00e1nyianyag-tartalommal. Er\u0151sen k\u00f6t\u00f6tt, barna erd\u0151talaj, a magasabb r\u00e9szeken s\u00e1rga agyag, bentonitos-riolitos, m\u00e1llad\u00e9kos szerkezettel, helyenk\u00e9nt kem\u00e9ny, kvarcit k\u0151sz\u00f3r\u00e1ssal.<\/p>\n\n\n\n<div style=\"height:70px\" aria-hidden=\"true\" class=\"wp-block-spacer\"><\/div>\n\n\n\n<h3 class=\"wp-block-heading\">A D\u0170L\u0150 \u00c9S FAJTA T\u00d6K\u00c9LETES \u00d6SSZHANGJA<\/h3>\n\n\n\n<div style=\"height:30px\" aria-hidden=\"true\" class=\"wp-block-spacer\"><\/div>\n\n\n\n<p>D\u00e9l fel\u0151l \u00e9rkezv\u00e9n itt k\u00f6sz\u00f6ntik a l\u00e1togat\u00f3kat birtokunk egyik legkorosabb parcell\u00e1j\u00e1nak 65 \u00e9ves sz\u0151l\u0151t\u0151k\u00e9i. A Holdv\u00f6lgy a hegy h\u00e1rom \u00e9gt\u00e1jra n\u00e9z\u0151 oldal\u00e1n \u00f6sszesen hat sz\u0151l\u0151parcell\u00e1t birtokol. Egy\u00e9rtelm\u0171en a s\u00e1rgamuskot\u00e1ly ter\u00fclete, amit kiz\u00e1r\u00f3lag ebben a d\u0171l\u0151ben termeszt\u00fcnk a fajta ig\u00e9ny\u00e9nek legmegfelel\u0151bb termeszt\u00e9stechnol\u00f3gia alkalmaz\u00e1s\u00e1val. A ter\u00fclet \u00e9s a fajta rendk\u00edv\u00fcli \u00f6sszhangja val\u00f3sul itt meg, amit mi sem bizony\u00edta jobban, mint hogy 2008 \u00f3ta m\u00e1r 5 olyan, k\u00e9s\u0151i sz\u00fcretel\u00e9s\u0171 s\u00e1rgamuskot\u00e1ly t\u00e9telt sz\u00fcletett, mely a Muscats du Monde vil\u00e1gversenyen arany\u00e9rmet szerzett.<\/p>\n\n\n\n<div style=\"height:30px\" aria-hidden=\"true\" class=\"wp-block-spacer\"><\/div>\n\n\n\n<figure class=\"wp-block-image size-large\"><img fetchpriority=\"high\" decoding=\"async\" width=\"1024\" height=\"683\" src=\"https:\/\/holdvolgy.com\/wp-content\/uploads\/2025\/08\/hv_ke_szolo_sargamuskotaly_v2-1024x683.jpg\" alt=\"s\u00e1rgamuskot\u00e1ly sz\u0151l\u0151f\u00fcrt levelek k\u00f6z\u00f6tt\" class=\"wp-image-19278\" style=\"aspect-ratio:16\/9;object-fit:cover\" srcset=\"https:\/\/holdvolgy.com\/wp-content\/uploads\/2025\/08\/hv_ke_szolo_sargamuskotaly_v2-1024x683.jpg 1024w, https:\/\/holdvolgy.com\/wp-content\/uploads\/2025\/08\/hv_ke_szolo_sargamuskotaly_v2-300x200.jpg 300w, https:\/\/holdvolgy.com\/wp-content\/uploads\/2025\/08\/hv_ke_szolo_sargamuskotaly_v2-768x512.jpg 768w, https:\/\/holdvolgy.com\/wp-content\/uploads\/2025\/08\/hv_ke_szolo_sargamuskotaly_v2-1536x1024.jpg 1536w, https:\/\/holdvolgy.com\/wp-content\/uploads\/2025\/08\/hv_ke_szolo_sargamuskotaly_v2-18x12.jpg 18w, https:\/\/holdvolgy.com\/wp-content\/uploads\/2025\/08\/hv_ke_szolo_sargamuskotaly_v2-1000x667.jpg 1000w, https:\/\/holdvolgy.com\/wp-content\/uploads\/2025\/08\/hv_ke_szolo_sargamuskotaly_v2.jpg 1728w\" sizes=\"(max-width: 1024px) 100vw, 1024px\" \/><\/figure>\n\n\n\n<div style=\"height:70px\" aria-hidden=\"true\" class=\"wp-block-spacer\"><\/div>\n\n\n\n<h4 class=\"wp-block-heading\">Additional data:<\/h4>\n\n\n\n<p>Ter\u00fclet: 7,6 ha<br>Fajta: s\u00e1rgamuskot\u00e1ly, furmint, h\u00e1rslevel\u0171<br>Telep\u00edt\u00e9s: 1955, 1979<br>Expoz\u00edci\u00f3: D, D-NY, D-K<br>Lejt\u00e9s: 5-15 %<br>Tengerszint feletti magass\u00e1g: 155-199 m<br>K\u0151zet: Er\u0151sen k\u00f6t\u00f6tt barna erd\u0151talaj, a magasabb r\u00e9szeken s\u00e1rga agyag, bentonitos-riolitos,\u00a0 m\u00e1llad\u00e9kos szerkezettel, helyenk\u00e9nt kem\u00e9ny, kvarcit k\u0151sz\u00f3r\u00e1ssal, gazdag \u00e1sv\u00e1nyianyagtartalommal.<\/p>\n\n\n\n<p><\/p>","protected":false},"excerpt":{"rendered":"<p>\u00c9rt\u00e9kes ter\u00fclet, hiszen sz\u00fcreti id\u0151pontt\u00f3l f\u00fcgg\u0151en valamennyi bort\u00edpus elk\u00e9sz\u00edthet\u0151 err\u0151l a kiv\u00e1l\u00f3 term\u0151helyr\u0151l.<\/p>","protected":false},"author":3,"featured_media":6383,"comment_status":"open","ping_status":"open","sticky":false,"template":"","format":"standard","meta":{"_acf_changed":false,"_seopress_robots_primary_cat":"none","_seopress_titles_title":"A m\u00e1di Nyul\u00e1sz\u00f3-d\u0171l\u0151| Holdv\u00f6lgy Birtok","_seopress_titles_desc":"T\u00f6rt\u00e9nelmileg a legfiatalabb, adotts\u00e1gaiban pedig a legkiv\u00e1l\u00f3bb d\u0171l\u0151k egyike, egyik kiemelten fontos sz\u0151l\u0151fajt\u00e1nk csod\u00e1latos term\u0151helye.","_seopress_robots_index":"","iawp_total_views":52,"footnotes":""},"categories":[84],"tags":[237],"class_list":["post-19276","post","type-post","status-publish","format-standard","has-post-thumbnail","hentry","category-szolo","tag-hun-cikkek"],"acf":[],"_links":{"self":[{"href":"https:\/\/holdvolgy.com\/en\/wp-json\/wp\/v2\/posts\/19276","targetHints":{"allow":["GET"]}}],"collection":[{"href":"https:\/\/holdvolgy.com\/en\/wp-json\/wp\/v2\/posts"}],"about":[{"href":"https:\/\/holdvolgy.com\/en\/wp-json\/wp\/v2\/types\/post"}],"author":[{"embeddable":true,"href":"https:\/\/holdvolgy.com\/en\/wp-json\/wp\/v2\/users\/3"}],"replies":[{"embeddable":true,"href":"https:\/\/holdvolgy.com\/en\/wp-json\/wp\/v2\/comments?post=19276"}],"version-history":[{"count":0,"href":"https:\/\/holdvolgy.com\/en\/wp-json\/wp\/v2\/posts\/19276\/revisions"}],"wp:featuredmedia":[{"embeddable":true,"href":"https:\/\/holdvolgy.com\/en\/wp-json\/wp\/v2\/media\/6383"}],"wp:attachment":[{"href":"https:\/\/holdvolgy.com\/en\/wp-json\/wp\/v2\/media?parent=19276"}],"wp:term":[{"taxonomy":"category","embeddable":true,"href":"https:\/\/holdvolgy.com\/en\/wp-json\/wp\/v2\/categories?post=19276"},{"taxonomy":"post_tag","embeddable":true,"href":"https:\/\/holdvolgy.com\/en\/wp-json\/wp\/v2\/tags?post=19276"}],"curies":[{"name":"wp","href":"https:\/\/api.w.org\/{rel}","templated":true}]}}